{"id":209,"date":"2017-09-10T13:11:51","date_gmt":"2017-09-10T11:11:51","guid":{"rendered":"http:\/\/www.ascorrimini.it\/ascor\/?p=209"},"modified":"2017-09-10T13:11:51","modified_gmt":"2017-09-10T11:11:51","slug":"giornata-mondiale-del-cuore","status":"publish","type":"post","link":"https:\/\/www.ascorrimini.it\/ascor\/?p=209","title":{"rendered":"Giornata Mondiale del Cuore"},"content":{"rendered":"<p>L&#8217;ASCOR aderisce alla <em><strong>Giornata Mondiale del Cuore<\/strong><\/em> (<a href=\"https:\/\/www.worldheartday.org\">World Hearth Day<\/a>), organizzando per Sabato 23 e Domenica 24 Settembre una serie di\u00a0iniziative educative e di sensibilizzazione aperte a tutti.<\/p>\n<p>Si comincia Sabato 23 con la &#8220;<em><strong>Camminata della salute con poesia<\/strong><\/em>&#8220;. Per chi vuole e se la sente, il ritrovo sar\u00e0 alle 9.30 presso il Monumento alla Resistenza del parco Cervi da cui poi raggiungeremo camminando il parco della cava antistante al Garden. Qui, con l&#8217;aiuto del gruppo &#8220;CIVIVO Parco della Cava&#8221;, sar\u00e0 allestito un gazebo &#8220;ritrovo di camminatori e non&#8221; presso il quale, a partire dalle 10.30, potrete essere allietati da poesie dialettali e da qualche fetta di ciambella.<\/p>\n<p>La Giornata del Cuore raggiunger\u00e0 il suo clou <strong><em>Domenica 24 in Piazza Cavour<\/em><\/strong>. A partire dalle 10.00 i cardiologi dell&#8217;ospedale Infermi saranno a disposizione dei cittadini per fornire informazioni e chiarimenti. Per chi vorr\u00e0 ci sar\u00e0 la possibilit\u00e0 di sottoporsi a indagini di base (meglio se digiuni).<br \/>\nDurante tutta la giornata il personale ASCOR illustrer\u00e0 le iniziative e gli obiettivi della nostra ONLUS aderente a Volontarimini. Nel pomeriggio vi sar\u00e0 anche la proiezione di filmati\u00a0sul tema della &#8220;salute del cuore&#8221;.<\/p>\n<p>Quest&#8217;anno poi abbiamo il piacere di annunciare la &#8220;coabitazione sinergica&#8221; con\u00a0!SALUTE! Mostra Mercato Itinerante delle Qualit\u00e0 che per tutto il weekend si esibir\u00e0 in Piazza Cavour con musiche e danze popolari.<\/p>\n<p><a href=\"https:\/\/www.ascorrimini.it\/ascor\/wp-content\/uploads\/2017\/09\/Volantino_GMDC_2017.pdf\">Scarica qui il volantino con il programma<\/a><\/p>\n","protected":false},"excerpt":{"rendered":"<p>L&#8217;ASCOR aderisce alla Giornata Mondiale del Cuore (World Hearth Day), organizzando per Sabato 23 e Domenica 24 Settembre una serie di\u00a0iniziative educative e di sensibilizzazione aperte a tutti. Si comincia Sabato 23 con la&#46;&#46;&#46;<\/p>\n","protected":false},"author":1,"featured_media":210,"comment_status":"closed","ping_status":"open","sticky":false,"template":"","format":"standard","meta":{"footnotes":""},"categories":[1],"tags":[],"_links":{"self":[{"href":"https:\/\/www.ascorrimini.it\/ascor\/index.php?rest_route=\/wp\/v2\/posts\/209"}],"collection":[{"href":"https:\/\/www.ascorrimini.it\/ascor\/index.php?rest_route=\/wp\/v2\/posts"}],"about":[{"href":"https:\/\/www.ascorrimini.it\/ascor\/index.php?rest_route=\/wp\/v2\/types\/post"}],"author":[{"embeddable":true,"href":"https:\/\/www.ascorrimini.it\/ascor\/index.php?rest_route=\/wp\/v2\/users\/1"}],"replies":[{"embeddable":true,"href":"https:\/\/www.ascorrimini.it\/ascor\/index.php?rest_route=%2Fwp%2Fv2%2Fcomments&post=209"}],"version-history":[{"count":3,"href":"https:\/\/www.ascorrimini.it\/ascor\/index.php?rest_route=\/wp\/v2\/posts\/209\/revisions"}],"predecessor-version":[{"id":214,"href":"https:\/\/www.ascorrimini.it\/ascor\/index.php?rest_route=\/wp\/v2\/posts\/209\/revisions\/214"}],"wp:featuredmedia":[{"embeddable":true,"href":"https:\/\/www.ascorrimini.it\/ascor\/index.php?rest_route=\/wp\/v2\/media\/210"}],"wp:attachment":[{"href":"https:\/\/www.ascorrimini.it\/ascor\/index.php?rest_route=%2Fwp%2Fv2%2Fmedia&parent=209"}],"wp:term":[{"taxonomy":"category","embeddable":true,"href":"https:\/\/www.ascorrimini.it\/ascor\/index.php?rest_route=%2Fwp%2Fv2%2Fcategories&post=209"},{"taxonomy":"post_tag","embeddable":true,"href":"https:\/\/www.ascorrimini.it\/ascor\/index.php?rest_route=%2Fwp%2Fv2%2Ftags&post=209"}],"curies":[{"name":"wp","href":"https:\/\/api.w.org\/{rel}","templated":true}]}}